{"id":3629,"date":"2019-05-14T10:27:24","date_gmt":"2019-05-14T10:27:24","guid":{"rendered":"http:\/\/hispona.org\/?p=3629"},"modified":"2019-05-14T10:55:11","modified_gmt":"2019-05-14T10:55:11","slug":"arredor-de-meiras-historia-ou-presente-curso-de-veran-da-usc-2","status":"publish","type":"post","link":"https:\/\/hispona.org\/gl_ES\/arredor-de-meiras-historia-ou-presente-curso-de-veran-da-usc-2\/","title":{"rendered":"Arredor de Meir\u00e1s. Historia ou presente? [Curso de ver\u00e1n da USC]"},"content":{"rendered":"<p>HISPONA organiza entre os d\u00edas <strong>16 e 19 de xullo en Sada<\/strong> un Curso de Ver\u00e1n da USC baixo a direcci\u00f3n de Emilio Grand\u00edo. As persoas interesadas en matricularse poden facelo en <a href=\"http:\/\/www.usc.es\/gl\/servizos\/cultura\/veran\/\"><strong>http:\/\/www.usc.es\/gl\/servizos\/cultura\/veran\/<\/strong><\/a> ata o 5 de xullo. O curso, que se celebrar\u00e1 na Casa da Cultura Pintor Llor\u00e9ns, est\u00e1 patrocinado polo Concello de Sada coa axuda da Deputaci\u00f3n da Coru\u00f1a.<\/p>\n<p>Ao longo de catro xornadas abordaranse en <strong>ponencias, mesas redondas e visitas guiadas<\/strong>, diferentes aspectos do Pazo de Meir\u00e1s, como o proceso polo que rematou sendo propiedade de Francisco Franco, a s\u00faa utilizaci\u00f3n como residencia oficial do Xefe do Estado ou os debates xurdidos a partir da morte do Dictador en relaci\u00f3n \u00e1 s\u00faa titularidade. Tam\u00e9n se afondar\u00e1 en cuesti\u00f3ns como a utilidade social dos espazos de memoria e as pol\u00edticas p\u00fablicas levadas adiante sobre este tema. O obxetivo das xornadas \u00e9 posibilitar un espazo de reflexi\u00f3n e debate sobre a natureza do franquismo e as s\u00faas consecuencias sociais e culturais no presente.<\/p>\n<p><a href=\"http:\/\/hispona.org\/wp-content\/uploads\/meir\u00e1s.jpg\"><img loading=\"lazy\" decoding=\"async\" src=\"http:\/\/hispona.org\/wp-content\/uploads\/meir\u00e1s.jpg\" alt=\"\" width=\"636\" height=\"899\" class=\"alignright size-full wp-image-3632\" srcset=\"https:\/\/hispona.org\/wp-content\/uploads\/meir\u00e1s.jpg 636w, https:\/\/hispona.org\/wp-content\/uploads\/meir\u00e1s-212x300.jpg 212w, https:\/\/hispona.org\/wp-content\/uploads\/meir\u00e1s-499x705.jpg 499w, https:\/\/hispona.org\/wp-content\/uploads\/meir\u00e1s-450x636.jpg 450w\" sizes=\"auto, (max-width: 636px) 100vw, 636px\" \/><\/a><\/p>\n","protected":false},"excerpt":{"rendered":"<p>HISPONA organiza entre os d\u00edas 16 e 19 de xullo en Sada un Curso de Ver\u00e1n da USC baixo a direcci\u00f3n de Emilio Grand\u00edo. As persoas interesadas en matricularse poden facelo en http:\/\/www.usc.es\/gl\/servizos\/cultura\/veran\/ ata o 5 de xullo. O curso, que se celebrar\u00e1 na Casa da Cultura Pintor Llor\u00e9ns, est\u00e1 patrocinado polo Concello de Sada [&hellip;]<\/p>\n","protected":false},"author":1,"featured_media":3625,"comment_status":"open","ping_status":"open","sticky":false,"template":"","format":"standard","meta":{"_bbp_topic_count":0,"_bbp_reply_count":0,"_bbp_total_topic_count":0,"_bbp_total_reply_count":0,"_bbp_voice_count":0,"_bbp_anonymous_reply_count":0,"_bbp_topic_count_hidden":0,"_bbp_reply_count_hidden":0,"_bbp_forum_subforum_count":0,"jetpack_post_was_ever_published":false,"_jetpack_newsletter_access":"","_jetpack_dont_email_post_to_subs":false,"_jetpack_newsletter_tier_id":0,"_jetpack_memberships_contains_paywalled_content":false,"_jetpack_memberships_contains_paid_content":false,"footnotes":""},"categories":[35,44,48],"tags":[],"class_list":["post-3629","post","type-post","status-publish","format-standard","has-post-thumbnail","hentry","category-actividades","category-novas","category-seminarios-gl_es"],"jetpack_featured_media_url":"https:\/\/hispona.org\/wp-content\/uploads\/meir\u00e1s2.jpg","jetpack_shortlink":"https:\/\/wp.me\/p45vGI-Wx","jetpack_sharing_enabled":true,"_links":{"self":[{"href":"https:\/\/hispona.org\/gl_ES\/wp-json\/wp\/v2\/posts\/3629","targetHints":{"allow":["GET"]}}],"collection":[{"href":"https:\/\/hispona.org\/gl_ES\/wp-json\/wp\/v2\/posts"}],"about":[{"href":"https:\/\/hispona.org\/gl_ES\/wp-json\/wp\/v2\/types\/post"}],"author":[{"embeddable":true,"href":"https:\/\/hispona.org\/gl_ES\/wp-json\/wp\/v2\/users\/1"}],"replies":[{"embeddable":true,"href":"https:\/\/hispona.org\/gl_ES\/wp-json\/wp\/v2\/comments?post=3629"}],"version-history":[{"count":4,"href":"https:\/\/hispona.org\/gl_ES\/wp-json\/wp\/v2\/posts\/3629\/revisions"}],"predecessor-version":[{"id":3631,"href":"https:\/\/hispona.org\/gl_ES\/wp-json\/wp\/v2\/posts\/3629\/revisions\/3631"}],"wp:featuredmedia":[{"embeddable":true,"href":"https:\/\/hispona.org\/gl_ES\/wp-json\/wp\/v2\/media\/3625"}],"wp:attachment":[{"href":"https:\/\/hispona.org\/gl_ES\/wp-json\/wp\/v2\/media?parent=3629"}],"wp:term":[{"taxonomy":"category","embeddable":true,"href":"https:\/\/hispona.org\/gl_ES\/wp-json\/wp\/v2\/categories?post=3629"},{"taxonomy":"post_tag","embeddable":true,"href":"https:\/\/hispona.org\/gl_ES\/wp-json\/wp\/v2\/tags?post=3629"}],"curies":[{"name":"wp","href":"https:\/\/api.w.org\/{rel}","templated":true}]}}