{"id":3540,"date":"2018-05-17T17:20:54","date_gmt":"2018-05-17T17:20:54","guid":{"rendered":"http:\/\/hispona.org\/?p=3540"},"modified":"2018-05-17T17:20:54","modified_gmt":"2018-05-17T17:20:54","slug":"transicion-debate-curso-veran-da-usc-no-participa-hispona","status":"publish","type":"post","link":"https:\/\/hispona.org\/gl_ES\/transicion-debate-curso-veran-da-usc-no-participa-hispona\/","title":{"rendered":"A transici\u00f3n a debate, curso de ver\u00e1n da USC no que participa HISPONA"},"content":{"rendered":"<p>O grupo HISPONA participa nos cursos de ver\u00e1n da USC. Concretamente no curso <strong>A transici\u00f3n a debate<\/strong>, que ter\u00e1 lugar do 18 ao 20 de xullo, no sal\u00f3n de Graos Juan Linz da Facultade de Ciencias Pol\u00edticas e Sociais. Son en total 18 horas lectivas e est\u00e1 dirixido polo profesor Manuel Mar\u00eda de Artaza Montero. HISPONA colabora coa participaci\u00f3n de Emilio Grand\u00edo.<\/p>\n<p>Pode facerse a matr\u00edcula <strong><a href=\"http:\/\/www.usc.es\/gl\/servizos\/cultura\/veran\/\">neste enlace<\/a><\/strong> (\u00e9 o curso n\u00famero 18), e a continuaci\u00f3n tedes o programa completo:<\/p>\n<p><strong>D\u00eda 18: A historiograf\u00eda e os estudos da Transici\u00f3n<\/strong><\/p>\n<p>9:00 Acreditaci\u00f3n e entrega de documentaci\u00f3n<\/p>\n<p>9:30 Inauguraci\u00f3n<\/p>\n<p>9:45 A historiograf\u00eda da Transici\u00f3n<br \/>\nEmilio Francisco Grand\u00edo Seoane<br \/>\nProfesor Titular de Historia Contempor\u00e1nea da Universidade de Santiago de<br \/>\nCompostela<\/p>\n<p>10:45 As transici\u00f3ns \u00e1 democracia e a Transici\u00f3n espa\u00f1ola<br \/>\nJos\u00e9 Ram\u00f3n Montero Gibert<br \/>\nCatedr\u00e1tico em\u00e9rito da Universidade Aut\u00f3noma de Madrid<\/p>\n<p>11:45 Pausa<\/p>\n<p>12:00 A visi\u00f3n cr\u00edtica sobre a Transici\u00f3n espa\u00f1ola<br \/>\nJos\u00e9 Luis Villaca\u00f1as Berlanga<br \/>\nCatedr\u00e1tico de Filosof\u00eda da Universidade Complutense de Madrid<\/p>\n<p>13:00 A violencia e a Transici\u00f3n espa\u00f1ola<br \/>\nXavier Casals i Meseguer<br \/>\nProfesor da Universitat Ramon Llull<\/p>\n<p>14:00 Pausa<\/p>\n<p>16:30 O cine e a televisi\u00f3n da Transici\u00f3n<br \/>\nJos\u00e9 Luis Castro de Paz<br \/>\nCatedr\u00e1tico de Comunicaci\u00f3n Audiovisual da Universidade de Santiago de Compostela<\/p>\n<p>17:30 Pausa<\/p>\n<p>17:45 Pel\u00edcula\/documental\/f\u00f3rum<\/p>\n<p>19:45 Fin da xornada<\/p>\n<p><strong>D\u00eda 19: O Estado das autonom\u00edas: nacemento e desenvolvemento<\/strong><\/p>\n<p>9:00 Acreditaci\u00f3n e entrega de documentaci\u00f3n<\/p>\n<p>9:30 O Estado auton\u00f3mico espa\u00f1ol en perspectiva comparada<br \/>\nRam\u00f3n M\u00e1iz Su\u00e1rez<br \/>\nCatedr\u00e1tico de Ciencia Politica e da Administraci\u00f3n da Universidade de Santiago de<br \/>\nCompostela<\/p>\n<p>10:30 O t\u00edtulo VIII da Constituci\u00f3n: secretos, falacias e inxenuidades<br \/>\nRoberto Luis Blanco Vald\u00e9s<br \/>\nCatedr\u00e1tico de Dereito Constitucional da Universidade de Santiago de Compostela<\/p>\n<p>11:30 Pausa<\/p>\n<p>12:00 Violencia pol\u00edtica e conformaci\u00f3n da autonom\u00eda vasca na Transici\u00f3n, 1977-1979<br \/>\nJos\u00e9 Mar\u00eda Portillo Vald\u00e9s<br \/>\nCatedr\u00e1tico de Historia Contempor\u00e1nea da Universidade do Pa\u00eds Vasco<\/p>\n<p>13:00 O nacemento e a consolidaci\u00f3n da autonom\u00eda de Galicia<br \/>\nXos\u00e9 Lu\u00eds Barreiro Rivas<br \/>\nProfesor titular de Ciencia Pol\u00edtica e da Administraci\u00f3n da Universidade de Santiago de<br \/>\nCompostela<\/p>\n<p>14:00 Pausa<\/p>\n<p>16:30 Presentaci\u00f3n da pel\u00edcula<br \/>\nManuel M\u00aa de Artaza Montero.<br \/>\nProfesor titular de Ciencia Pol\u00edtica e da Administraci\u00f3n da Universidade de Santiago de<br \/>\nCompostela<\/p>\n<p>17:00 Pausa<\/p>\n<p>17:00-19:30 Pel\u00edcula\/documental\/f\u00f3rum<\/p>\n<p><strong>D\u00eda 20: Europa e a transici\u00f3n<\/strong><\/p>\n<p>9:30 A Transici\u00f3n, Espa\u00f1a, Europa e o Estado do Benestar<br \/>\nLuis Moreno Fern\u00e1ndez<br \/>\nProfesor de Investigaci\u00f3n do Consello Superior de Investigaci\u00f3ns Cient\u00edficas<\/p>\n<p>10:30 A participaci\u00f3n das comunidades aut\u00f3nomas na Uni\u00f3n Europea<br \/>\nJes\u00fas Gamallo Aller<br \/>\nDirector Xeral de Relaci\u00f3ns Exteriores e coa Uni\u00f3n Europea da Xunta de Galicia<\/p>\n<p>11:30 Pausa<\/p>\n<p>12:00 Os factores da crise na Transici\u00f3n (mesa redonda\/debate)<br \/>\nPonentes. Modera Cristina Ares Castro-Conde, profesora contratada doutora da<br \/>\nUniversidade de Santiago de Compostela<\/p>\n","protected":false},"excerpt":{"rendered":"<p>O grupo HISPONA participa nos cursos de ver\u00e1n da USC. Concretamente no curso A transici\u00f3n a debate, que ter\u00e1 lugar do 18 ao 20 de xullo, no sal\u00f3n de Graos Juan Linz da Facultade de Ciencias Pol\u00edticas e Sociais. Son en total 18 horas lectivas e est\u00e1 dirixido polo profesor Manuel Mar\u00eda de Artaza Montero. [&hellip;]<\/p>\n","protected":false},"author":2,"featured_media":3542,"comment_status":"open","ping_status":"open","sticky":false,"template":"","format":"standard","meta":{"_bbp_topic_count":0,"_bbp_reply_count":0,"_bbp_total_topic_count":0,"_bbp_total_reply_count":0,"_bbp_voice_count":0,"_bbp_anonymous_reply_count":0,"_bbp_topic_count_hidden":0,"_bbp_reply_count_hidden":0,"_bbp_forum_subforum_count":0,"jetpack_post_was_ever_published":false,"_jetpack_newsletter_access":"","_jetpack_dont_email_post_to_subs":false,"_jetpack_newsletter_tier_id":0,"_jetpack_memberships_contains_paywalled_content":false,"_jetpack_memberships_contains_paid_content":false,"footnotes":""},"categories":[35,17],"tags":[],"class_list":["post-3540","post","type-post","status-publish","format-standard","has-post-thumbnail","hentry","category-actividades","category-uncategorized"],"jetpack_featured_media_url":"https:\/\/hispona.org\/wp-content\/uploads\/2017122012580355271.jpg","jetpack_shortlink":"https:\/\/wp.me\/p45vGI-V6","jetpack_sharing_enabled":true,"_links":{"self":[{"href":"https:\/\/hispona.org\/gl_ES\/wp-json\/wp\/v2\/posts\/3540","targetHints":{"allow":["GET"]}}],"collection":[{"href":"https:\/\/hispona.org\/gl_ES\/wp-json\/wp\/v2\/posts"}],"about":[{"href":"https:\/\/hispona.org\/gl_ES\/wp-json\/wp\/v2\/types\/post"}],"author":[{"embeddable":true,"href":"https:\/\/hispona.org\/gl_ES\/wp-json\/wp\/v2\/users\/2"}],"replies":[{"embeddable":true,"href":"https:\/\/hispona.org\/gl_ES\/wp-json\/wp\/v2\/comments?post=3540"}],"version-history":[{"count":3,"href":"https:\/\/hispona.org\/gl_ES\/wp-json\/wp\/v2\/posts\/3540\/revisions"}],"predecessor-version":[{"id":3545,"href":"https:\/\/hispona.org\/gl_ES\/wp-json\/wp\/v2\/posts\/3540\/revisions\/3545"}],"wp:featuredmedia":[{"embeddable":true,"href":"https:\/\/hispona.org\/gl_ES\/wp-json\/wp\/v2\/media\/3542"}],"wp:attachment":[{"href":"https:\/\/hispona.org\/gl_ES\/wp-json\/wp\/v2\/media?parent=3540"}],"wp:term":[{"taxonomy":"category","embeddable":true,"href":"https:\/\/hispona.org\/gl_ES\/wp-json\/wp\/v2\/categories?post=3540"},{"taxonomy":"post_tag","embeddable":true,"href":"https:\/\/hispona.org\/gl_ES\/wp-json\/wp\/v2\/tags?post=3540"}],"curies":[{"name":"wp","href":"https:\/\/api.w.org\/{rel}","templated":true}]}}