{"id":3105,"date":"2014-09-22T13:30:26","date_gmt":"2014-09-22T13:30:26","guid":{"rendered":"http:\/\/hispona.org\/?p=3105"},"modified":"2014-09-22T13:30:26","modified_gmt":"2014-09-22T13:30:26","slug":"palestra-anticlericalismo-y-vias-de-secularizacion-en-la-europa-del-siglo-xix-la-excepcionalidad-espanola","status":"publish","type":"post","link":"https:\/\/hispona.org\/gl_ES\/palestra-anticlericalismo-y-vias-de-secularizacion-en-la-europa-del-siglo-xix-la-excepcionalidad-espanola\/","title":{"rendered":"Palestra \u201cAnticlericalismo y v\u00edas de secularizaci\u00f3n en la Europa del siglo XIX: La excepcionalidad espa\u00f1ola\u201d"},"content":{"rendered":"<p>O m\u00e9rcores, 24 de setembro, Lisa Dittrich\u00a0impartir\u00e1 a palestra\u00a0&#8220;Anticlericalismo\u00a0y v\u00edas de secularizaci\u00f3n en\u00a0la Europa\u00a0del siglo XIX:\u00a0La excepcionalidad\u00a0espa\u00f1ola&#8221;<\/p>\n<p>Accede ao resumo da palestra:\u00a0<a href=\"http:\/\/hispona.org\/wp-content\/uploads\/Dittrich_Resumen_Anticlericalismo_v\u00edas_de_secularizaci\u00f3n-.pdf\">Anticlericalismo y v\u00edas de secularizaci\u00f3n<\/a><\/p>\n<p>Lisa Dittrich estudiou \u201cHistoria\u201d, \u201cLiteratura Comparada\u201d e \u201cAlem\u00e1n como Lengua\u00a0Estranxeira\u201d en Berl\u00edn e Sevilla. Licenciouse cun traballo sobre a idea de \u201cHeimat\u201d en\u00a0Espa\u00f1a e Alema\u00f1a arredor de 1900. De 2006 a 2012 doctorouse na Ludwig-Maximilians-Universit\u00e4t M\u00fcnchen sendo membro do Colegio de Graduados Internacional \u201cCulturas\u00a0Relixiosas en Europa dos s\u00e9culos XIX e XX\u201d, recibindo bolsas do Evangelische Studienwerk,\u00a0do Instituto Hist\u00f3rico Alem\u00e1n de Paris, e da Fazit-Stiftung, traballando ademais de 2007 a\u00a02008 como profesora na Facultade de Historia da Ludwig-Maximilians-Universit\u00e4t. A s\u00faa tese \u00e9 un traballo comparativo e transnacional sobre o anticlericalismo en Europa polo que en 2012 recibiu o premio \u201cMax Weber\u201d da Academia de Ciencias de Baviera.\u00a0Dende 2012 \u00e9 profesora titular na C\u00e1tedra de Historia Europea dos s\u00e9culos XIX y XX da\u00a0Ludwig-Maximilians-Universit\u00e4t M\u00fcnchen.<\/p>\n<p><strong>D\u00eda<\/strong>: M\u00e9rcores, 24 de setembro<br \/>\n<strong>Hora<\/strong>: 16:00.<br \/>\n<strong>Lugar<\/strong>: Aula do M\u00e1ster en Historia Contempor\u00e1nea, Facultade de Xeograf\u00eda e Historia.<\/p>\n<p>&nbsp;<\/p>\n","protected":false},"excerpt":{"rendered":"<p>O m\u00e9rcores, 24 de setembro, Lisa Dittrich\u00a0impartir\u00e1 a palestra\u00a0&#8220;Anticlericalismo\u00a0y v\u00edas de secularizaci\u00f3n en\u00a0la Europa\u00a0del siglo XIX:\u00a0La excepcionalidad\u00a0espa\u00f1ola&#8221; Accede ao resumo da palestra:\u00a0Anticlericalismo y v\u00edas de secularizaci\u00f3n Lisa Dittrich estudiou \u201cHistoria\u201d, \u201cLiteratura Comparada\u201d e \u201cAlem\u00e1n como Lengua\u00a0Estranxeira\u201d en Berl\u00edn e Sevilla. Licenciouse cun traballo sobre a idea de \u201cHeimat\u201d en\u00a0Espa\u00f1a e Alema\u00f1a arredor de 1900. De [&hellip;]<\/p>\n","protected":false},"author":2,"featured_media":0,"comment_status":"open","ping_status":"open","sticky":false,"template":"","format":"standard","meta":{"_bbp_topic_count":0,"_bbp_reply_count":0,"_bbp_total_topic_count":0,"_bbp_total_reply_count":0,"_bbp_voice_count":0,"_bbp_anonymous_reply_count":0,"_bbp_topic_count_hidden":0,"_bbp_reply_count_hidden":0,"_bbp_forum_subforum_count":0,"jetpack_post_was_ever_published":false,"_jetpack_newsletter_access":"","_jetpack_dont_email_post_to_subs":false,"_jetpack_newsletter_tier_id":0,"_jetpack_memberships_contains_paywalled_content":false,"_jetpack_memberships_contains_paid_content":false,"footnotes":""},"categories":[35,48],"tags":[],"class_list":["post-3105","post","type-post","status-publish","format-standard","hentry","category-actividades","category-seminarios-gl_es"],"jetpack_featured_media_url":"","jetpack_shortlink":"https:\/\/wp.me\/p45vGI-O5","jetpack_sharing_enabled":true,"_links":{"self":[{"href":"https:\/\/hispona.org\/gl_ES\/wp-json\/wp\/v2\/posts\/3105","targetHints":{"allow":["GET"]}}],"collection":[{"href":"https:\/\/hispona.org\/gl_ES\/wp-json\/wp\/v2\/posts"}],"about":[{"href":"https:\/\/hispona.org\/gl_ES\/wp-json\/wp\/v2\/types\/post"}],"author":[{"embeddable":true,"href":"https:\/\/hispona.org\/gl_ES\/wp-json\/wp\/v2\/users\/2"}],"replies":[{"embeddable":true,"href":"https:\/\/hispona.org\/gl_ES\/wp-json\/wp\/v2\/comments?post=3105"}],"version-history":[{"count":1,"href":"https:\/\/hispona.org\/gl_ES\/wp-json\/wp\/v2\/posts\/3105\/revisions"}],"predecessor-version":[{"id":3106,"href":"https:\/\/hispona.org\/gl_ES\/wp-json\/wp\/v2\/posts\/3105\/revisions\/3106"}],"wp:attachment":[{"href":"https:\/\/hispona.org\/gl_ES\/wp-json\/wp\/v2\/media?parent=3105"}],"wp:term":[{"taxonomy":"category","embeddable":true,"href":"https:\/\/hispona.org\/gl_ES\/wp-json\/wp\/v2\/categories?post=3105"},{"taxonomy":"post_tag","embeddable":true,"href":"https:\/\/hispona.org\/gl_ES\/wp-json\/wp\/v2\/tags?post=3105"}],"curies":[{"name":"wp","href":"https:\/\/api.w.org\/{rel}","templated":true}]}}