{"id":3060,"date":"2014-03-05T14:26:31","date_gmt":"2014-03-05T14:26:31","guid":{"rendered":"http:\/\/hispona.org\/?p=3060"},"modified":"2014-03-05T14:27:13","modified_gmt":"2014-03-05T14:27:13","slug":"seminario-redes-nazis-en-el-norte-de-espana-durante-la-ii-guerra-mundial-por-javier-rodriguez-2","status":"publish","type":"post","link":"https:\/\/hispona.org\/gl_ES\/seminario-redes-nazis-en-el-norte-de-espana-durante-la-ii-guerra-mundial-por-javier-rodriguez-2\/","title":{"rendered":"Seminario \u201cRedes nazis en el norte de Espa\u00f1a durante la II Guerra Mundial\u201d, por Javier Rodr\u00edguez"},"content":{"rendered":"<p>Este venres, 7 de marzo, Javier Rodr\u00edguez impartir\u00e1 o seminario&#8221;Redes nazis en el norte de Espa\u00f1a durante la II Guerra Mundial&#8221;.<\/p>\n<p>Javier Rodr\u00edguez \u00e9 Profesor de Historia Contempor\u00e1nea na Universidad de Le\u00f3n. Especializado no estudo da Guerra Civil e do Franquismo, foi director e investigador de varios proxectos sobre a represi\u00f3n e a clandestinidade no noroeste da Pen\u00ednsula Ib\u00e9rica e ten publicado diversas obras como\u00a0<i>Le\u00f3n bajo la dictadura franquista (1936- 1951) (2003)\u00a0<\/i>ou m\u00e1is recentemente e xunto con Emilio Grand\u00edo,\u00a0<i>War Zone. La Segunda Guerra Mundial en el Noroeste de la Pen\u00ednsula Ib\u00e9rica\u00a0<\/i>(2012) e\u00a0<i>Derribar a Franco\u00a0<\/i>(2013).<\/p>\n<p><strong>D\u00eda:<\/strong>\u00a0Venres, 7 de marzo.<br \/>\n<strong>Hora:<\/strong>\u00a012:00.<br \/>\n<strong>Lugar:<\/strong>\u00a0Aula do M\u00e1ster en Historia Contempor\u00e1nea, Facultade de Xeograf\u00eda e Historia.<\/p>\n","protected":false},"excerpt":{"rendered":"<p>Este venres, 7 de marzo, Javier Rodr\u00edguez impartir\u00e1 o seminario&#8221;Redes nazis en el norte de Espa\u00f1a durante la II Guerra Mundial&#8221;. Javier Rodr\u00edguez \u00e9 Profesor de Historia Contempor\u00e1nea na Universidad de Le\u00f3n. Especializado no estudo da Guerra Civil e do Franquismo, foi director e investigador de varios proxectos sobre a represi\u00f3n e a clandestinidade no [&hellip;]<\/p>\n","protected":false},"author":2,"featured_media":3058,"comment_status":"open","ping_status":"open","sticky":false,"template":"","format":"standard","meta":{"_bbp_topic_count":0,"_bbp_reply_count":0,"_bbp_total_topic_count":0,"_bbp_total_reply_count":0,"_bbp_voice_count":0,"_bbp_anonymous_reply_count":0,"_bbp_topic_count_hidden":0,"_bbp_reply_count_hidden":0,"_bbp_forum_subforum_count":0,"jetpack_post_was_ever_published":false,"_jetpack_newsletter_access":"","_jetpack_dont_email_post_to_subs":false,"_jetpack_newsletter_tier_id":0,"_jetpack_memberships_contains_paywalled_content":false,"_jetpack_memberships_contains_paid_content":false,"footnotes":""},"categories":[48],"tags":[],"class_list":["post-3060","post","type-post","status-publish","format-standard","has-post-thumbnail","hentry","category-seminarios-gl_es"],"jetpack_featured_media_url":"https:\/\/hispona.org\/wp-content\/uploads\/descarga2.jpg","jetpack_shortlink":"https:\/\/wp.me\/p45vGI-Nm","jetpack_sharing_enabled":true,"_links":{"self":[{"href":"https:\/\/hispona.org\/gl_ES\/wp-json\/wp\/v2\/posts\/3060","targetHints":{"allow":["GET"]}}],"collection":[{"href":"https:\/\/hispona.org\/gl_ES\/wp-json\/wp\/v2\/posts"}],"about":[{"href":"https:\/\/hispona.org\/gl_ES\/wp-json\/wp\/v2\/types\/post"}],"author":[{"embeddable":true,"href":"https:\/\/hispona.org\/gl_ES\/wp-json\/wp\/v2\/users\/2"}],"replies":[{"embeddable":true,"href":"https:\/\/hispona.org\/gl_ES\/wp-json\/wp\/v2\/comments?post=3060"}],"version-history":[{"count":2,"href":"https:\/\/hispona.org\/gl_ES\/wp-json\/wp\/v2\/posts\/3060\/revisions"}],"predecessor-version":[{"id":3062,"href":"https:\/\/hispona.org\/gl_ES\/wp-json\/wp\/v2\/posts\/3060\/revisions\/3062"}],"wp:featuredmedia":[{"embeddable":true,"href":"https:\/\/hispona.org\/gl_ES\/wp-json\/wp\/v2\/media\/3058"}],"wp:attachment":[{"href":"https:\/\/hispona.org\/gl_ES\/wp-json\/wp\/v2\/media?parent=3060"}],"wp:term":[{"taxonomy":"category","embeddable":true,"href":"https:\/\/hispona.org\/gl_ES\/wp-json\/wp\/v2\/categories?post=3060"},{"taxonomy":"post_tag","embeddable":true,"href":"https:\/\/hispona.org\/gl_ES\/wp-json\/wp\/v2\/tags?post=3060"}],"curies":[{"name":"wp","href":"https:\/\/api.w.org\/{rel}","templated":true}]}}